{"id":6705,"date":"2023-06-12T14:58:03","date_gmt":"2023-06-12T14:58:03","guid":{"rendered":"https:\/\/www.aeplima.pt\/aeplima\/?p=6705"},"modified":"2023-06-12T15:25:53","modified_gmt":"2023-06-12T15:25:53","slug":"acao-social-escolar-pre-escolar-e-1o-ciclo","status":"publish","type":"post","link":"https:\/\/www.aeplima.pt\/aeplima\/2023\/06\/12\/acao-social-escolar-pre-escolar-e-1o-ciclo\/","title":{"rendered":"A\u00c7\u00c3O SOCIAL ESCOLAR- PR\u00c9-ESCOLAR E 1\u00ba CICLO"},"content":{"rendered":"\n<p>Os pedidos para prolongamento de hor\u00e1rio (CAF), na Educa\u00e7\u00e3o Pr\u00e9-Escolar, e para a a\u00e7\u00e3o social escolar da Educa\u00e7\u00e3o Pr\u00e9-escolar e do 1\u00ba Ciclo efetuam-se at\u00e9 dia 30 de junho, atrav\u00e9s dos requerimentos disponibilizados online, na p\u00e1gina do Munic\u00edpio de Ponte de Lima:  <a href=\"https:\/\/educacao.cm-pontedelima.pt\/pages\/1192\" data-type=\"URL\" data-id=\"https:\/\/educacao.cm-pontedelima.pt\/pages\/1192\">https:\/\/educacao.cm-pontedelima.pt\/pages\/1192<\/a><\/p>\n\n\n\n<p><\/p>\n\n\n\n<p> <\/p>\n","protected":false},"excerpt":{"rendered":"<p>Os pedidos para prolongamento de hor\u00e1rio (CAF), na Educa\u00e7\u00e3o Pr\u00e9-Escolar, e para a a\u00e7\u00e3o social escolar da Educa\u00e7\u00e3o Pr\u00e9-escolar e do 1\u00ba Ciclo efetuam-se at\u00e9 dia 30 de junho, atrav\u00e9s dos requerimentos disponibilizados online, na p\u00e1gina do Munic\u00edpio de Ponte de Lima: https:\/\/educacao.cm-pontedelima.pt\/pages\/1192<\/p>\n","protected":false},"author":4,"featured_media":5742,"comment_status":"closed","ping_status":"closed","sticky":false,"template":"","format":"standard","meta":{"footnotes":""},"categories":[57,21,20,40,5,42,4],"tags":[],"class_list":["post-6705","post","type-post","status-publish","format-standard","has-post-thumbnail","hentry","category-acao-social-escolar","category-associacao-de-pais-da-correlha","category-associacao-de-pais-da-facha","category-centro-educativo-da-facha","category-destaque","category-ebiji-da-correlha","category-noticias"],"_links":{"self":[{"href":"https:\/\/www.aeplima.pt\/aeplima\/wp-json\/wp\/v2\/posts\/6705","targetHints":{"allow":["GET"]}}],"collection":[{"href":"https:\/\/www.aeplima.pt\/aeplima\/wp-json\/wp\/v2\/posts"}],"about":[{"href":"https:\/\/www.aeplima.pt\/aeplima\/wp-json\/wp\/v2\/types\/post"}],"author":[{"embeddable":true,"href":"https:\/\/www.aeplima.pt\/aeplima\/wp-json\/wp\/v2\/users\/4"}],"replies":[{"embeddable":true,"href":"https:\/\/www.aeplima.pt\/aeplima\/wp-json\/wp\/v2\/comments?post=6705"}],"version-history":[{"count":3,"href":"https:\/\/www.aeplima.pt\/aeplima\/wp-json\/wp\/v2\/posts\/6705\/revisions"}],"predecessor-version":[{"id":6740,"href":"https:\/\/www.aeplima.pt\/aeplima\/wp-json\/wp\/v2\/posts\/6705\/revisions\/6740"}],"wp:featuredmedia":[{"embeddable":true,"href":"https:\/\/www.aeplima.pt\/aeplima\/wp-json\/wp\/v2\/media\/5742"}],"wp:attachment":[{"href":"https:\/\/www.aeplima.pt\/aeplima\/wp-json\/wp\/v2\/media?parent=6705"}],"wp:term":[{"taxonomy":"category","embeddable":true,"href":"https:\/\/www.aeplima.pt\/aeplima\/wp-json\/wp\/v2\/categories?post=6705"},{"taxonomy":"post_tag","embeddable":true,"href":"https:\/\/www.aeplima.pt\/aeplima\/wp-json\/wp\/v2\/tags?post=6705"}],"curies":[{"name":"wp","href":"https:\/\/api.w.org\/{rel}","templated":true}]}}