{"id":6058,"date":"2023-05-08T11:15:30","date_gmt":"2023-05-08T11:15:30","guid":{"rendered":"https:\/\/www.aeplima.pt\/aeplima\/?p=6058"},"modified":"2023-06-12T15:29:41","modified_gmt":"2023-06-12T15:29:41","slug":"importante-encarregados-de-educacao-alunos-candidatura-aos-subsidios-e-pedido-de-transporte-escolar-ano-letivo-2023-2024","status":"publish","type":"post","link":"https:\/\/www.aeplima.pt\/aeplima\/2023\/05\/08\/importante-encarregados-de-educacao-alunos-candidatura-aos-subsidios-e-pedido-de-transporte-escolar-ano-letivo-2023-2024\/","title":{"rendered":"IMPORTANTE &#8211; Encarregados de Educa\u00e7\u00e3o\/Alunos: Candidatura aos subs\u00eddios e pedido de transporte escolar &#8211; ano letivo 2023\/2024"},"content":{"rendered":"\n<p>Informa\u00e7\u00e3o referente \u00e0 candidatura aos subs\u00eddios e ao pedido de transporte escolar para o pr\u00f3ximo ano letivo 2023\/2024, para <strong>os alunos que transitam do 4\u00ba para o 5\u00ba ano at\u00e9 ao 12\u00ba ano. <\/strong><\/p>\n\n\n\n<div data-wp-interactive=\"core\/file\" class=\"wp-block-file\"><object data-wp-bind--hidden=\"!state.hasPdfPreview\" hidden class=\"wp-block-file__embed\" data=\"https:\/\/www.aeplima.pt\/aeplima\/wp-content\/uploads\/2023\/05\/Aviso-Subsidios-Transportes-Escolares-2023_2421472.pdf\" type=\"application\/pdf\" style=\"width:100%;height:600px\" aria-label=\"Incorpora\u00e7\u00e3o de Aviso-Subsidios-Transportes-Escolares-2023_2421472.\"><\/object><a id=\"wp-block-file--media-c19218c9-6201-4000-bc0b-5b5c64fd14e4\" href=\"https:\/\/www.aeplima.pt\/aeplima\/wp-content\/uploads\/2023\/05\/Aviso-Subsidios-Transportes-Escolares-2023_2421472.pdf\">Aviso-Subsidios-Transportes-Escolares-2023_2421472<\/a><a href=\"https:\/\/www.aeplima.pt\/aeplima\/wp-content\/uploads\/2023\/05\/Aviso-Subsidios-Transportes-Escolares-2023_2421472.pdf\" class=\"wp-block-file__button wp-element-button\" download aria-describedby=\"wp-block-file--media-c19218c9-6201-4000-bc0b-5b5c64fd14e4\">Descarregar<\/a><\/div>\n","protected":false},"excerpt":{"rendered":"<p>Informa\u00e7\u00e3o referente \u00e0 candidatura aos subs\u00eddios e ao pedido de transporte escolar para o pr\u00f3ximo ano letivo 2023\/2024, para os alunos que transitam do 4\u00ba para o 5\u00ba ano at\u00e9 ao 12\u00ba ano.<\/p>\n","protected":false},"author":1,"featured_media":5742,"comment_status":"closed","ping_status":"closed","sticky":false,"template":"","format":"standard","meta":{"footnotes":""},"categories":[57,5,4],"tags":[],"class_list":["post-6058","post","type-post","status-publish","format-standard","has-post-thumbnail","hentry","category-acao-social-escolar","category-destaque","category-noticias"],"_links":{"self":[{"href":"https:\/\/www.aeplima.pt\/aeplima\/wp-json\/wp\/v2\/posts\/6058","targetHints":{"allow":["GET"]}}],"collection":[{"href":"https:\/\/www.aeplima.pt\/aeplima\/wp-json\/wp\/v2\/posts"}],"about":[{"href":"https:\/\/www.aeplima.pt\/aeplima\/wp-json\/wp\/v2\/types\/post"}],"author":[{"embeddable":true,"href":"https:\/\/www.aeplima.pt\/aeplima\/wp-json\/wp\/v2\/users\/1"}],"replies":[{"embeddable":true,"href":"https:\/\/www.aeplima.pt\/aeplima\/wp-json\/wp\/v2\/comments?post=6058"}],"version-history":[{"count":3,"href":"https:\/\/www.aeplima.pt\/aeplima\/wp-json\/wp\/v2\/posts\/6058\/revisions"}],"predecessor-version":[{"id":6704,"href":"https:\/\/www.aeplima.pt\/aeplima\/wp-json\/wp\/v2\/posts\/6058\/revisions\/6704"}],"wp:featuredmedia":[{"embeddable":true,"href":"https:\/\/www.aeplima.pt\/aeplima\/wp-json\/wp\/v2\/media\/5742"}],"wp:attachment":[{"href":"https:\/\/www.aeplima.pt\/aeplima\/wp-json\/wp\/v2\/media?parent=6058"}],"wp:term":[{"taxonomy":"category","embeddable":true,"href":"https:\/\/www.aeplima.pt\/aeplima\/wp-json\/wp\/v2\/categories?post=6058"},{"taxonomy":"post_tag","embeddable":true,"href":"https:\/\/www.aeplima.pt\/aeplima\/wp-json\/wp\/v2\/tags?post=6058"}],"curies":[{"name":"wp","href":"https:\/\/api.w.org\/{rel}","templated":true}]}}