{"id":15838,"date":"2026-04-27T14:39:09","date_gmt":"2026-04-27T14:39:09","guid":{"rendered":"https:\/\/www.aeplima.pt\/aeplima\/?p=15838"},"modified":"2026-04-27T14:39:47","modified_gmt":"2026-04-27T14:39:47","slug":"importante-encarregados-de-educacao-alunos-candidatura-aos-auxilios-economicos-diretos-ano-letivo-2026-2027","status":"publish","type":"post","link":"https:\/\/www.aeplima.pt\/aeplima\/2026\/04\/27\/importante-encarregados-de-educacao-alunos-candidatura-aos-auxilios-economicos-diretos-ano-letivo-2026-2027\/","title":{"rendered":"Candidatura aos Aux\u00edlios Econ\u00f3micos Diretos \u2013 ano letivo\u00a02026\/2027"},"content":{"rendered":"\n<p>Informa\u00e7\u00e3o referente \u00e0 <strong>candidatura aos Aux\u00edlios Econ\u00f3micos Diretos <\/strong>(Subs\u00eddios). O prazo de candidatura decorrer\u00e1 de <strong>4 de maio a 15 de maio de 2026<\/strong>.<\/p>\n\n\n\n<div data-wp-interactive=\"core\/file\" class=\"wp-block-file\"><object data-wp-bind--hidden=\"!state.hasPdfPreview\" hidden class=\"wp-block-file__embed\" data=\"https:\/\/www.aeplima.pt\/aeplima\/wp-content\/uploads\/2026\/04\/Aviso-Subsidios-2026_2027.pdf\" type=\"application\/pdf\" style=\"width:100%;height:600px\" aria-label=\"Incorpora\u00e7\u00e3o de Aviso Subs\u00eddios 2026_2027.\"><\/object><a id=\"wp-block-file--media-b77330a2-fb4a-4c8d-8142-93b9a394d772\" href=\"https:\/\/www.aeplima.pt\/aeplima\/wp-content\/uploads\/2026\/04\/Aviso-Subsidios-2026_2027.pdf\">Aviso Subs\u00eddios 2026_2027<\/a><a href=\"https:\/\/www.aeplima.pt\/aeplima\/wp-content\/uploads\/2026\/04\/Aviso-Subsidios-2026_2027.pdf\" class=\"wp-block-file__button wp-element-button\" download aria-describedby=\"wp-block-file--media-b77330a2-fb4a-4c8d-8142-93b9a394d772\">Descarregar<\/a><\/div>\n","protected":false},"excerpt":{"rendered":"<p>Informa\u00e7\u00e3o referente \u00e0 candidatura aos Aux\u00edlios Econ\u00f3micos Diretos (Subs\u00eddios). O prazo de candidatura decorrer\u00e1 de 4 de maio a 15 de maio de 2026.<\/p>\n","protected":false},"author":4,"featured_media":13910,"comment_status":"closed","ping_status":"closed","sticky":false,"template":"","format":"standard","meta":{"footnotes":""},"categories":[57,21,22,20,40,5,42,41,4],"tags":[],"class_list":["post-15838","post","type-post","status-publish","format-standard","has-post-thumbnail","hentry","category-acao-social-escolar","category-associacao-de-pais-da-correlha","category-associacao-de-pais-da-espl","category-associacao-de-pais-da-facha","category-centro-educativo-da-facha","category-destaque","category-ebiji-da-correlha","category-espl","category-noticias"],"_links":{"self":[{"href":"https:\/\/www.aeplima.pt\/aeplima\/wp-json\/wp\/v2\/posts\/15838","targetHints":{"allow":["GET"]}}],"collection":[{"href":"https:\/\/www.aeplima.pt\/aeplima\/wp-json\/wp\/v2\/posts"}],"about":[{"href":"https:\/\/www.aeplima.pt\/aeplima\/wp-json\/wp\/v2\/types\/post"}],"author":[{"embeddable":true,"href":"https:\/\/www.aeplima.pt\/aeplima\/wp-json\/wp\/v2\/users\/4"}],"replies":[{"embeddable":true,"href":"https:\/\/www.aeplima.pt\/aeplima\/wp-json\/wp\/v2\/comments?post=15838"}],"version-history":[{"count":2,"href":"https:\/\/www.aeplima.pt\/aeplima\/wp-json\/wp\/v2\/posts\/15838\/revisions"}],"predecessor-version":[{"id":15841,"href":"https:\/\/www.aeplima.pt\/aeplima\/wp-json\/wp\/v2\/posts\/15838\/revisions\/15841"}],"wp:featuredmedia":[{"embeddable":true,"href":"https:\/\/www.aeplima.pt\/aeplima\/wp-json\/wp\/v2\/media\/13910"}],"wp:attachment":[{"href":"https:\/\/www.aeplima.pt\/aeplima\/wp-json\/wp\/v2\/media?parent=15838"}],"wp:term":[{"taxonomy":"category","embeddable":true,"href":"https:\/\/www.aeplima.pt\/aeplima\/wp-json\/wp\/v2\/categories?post=15838"},{"taxonomy":"post_tag","embeddable":true,"href":"https:\/\/www.aeplima.pt\/aeplima\/wp-json\/wp\/v2\/tags?post=15838"}],"curies":[{"name":"wp","href":"https:\/\/api.w.org\/{rel}","templated":true}]}}